{"id":12,"__str__":"Requerimento n\u00ba 2 de 2025","link_detail_backend":"/materia/12","metadata":{},"numero":2,"ano":2025,"numero_protocolo":11,"data_apresentacao":"2025-09-02","tipo_apresentacao":"E","data_publicacao":null,"numero_origem_externa":"","ano_origem_externa":null,"data_origem_externa":null,"apelido":"","dias_prazo":null,"data_fim_prazo":null,"em_tramitacao":true,"polemica":false,"objeto":"","complementar":false,"ementa":"Solicita ao Legislativo Municipal, por meio da Mesa Diretora, a realiza\u00e7\u00e3o de um programa/campanha sobre o lixo em nossa cidade, com a participa\u00e7\u00e3o dos Jovens Parlamentares, entidades e associa\u00e7\u00f5es ligadas \u00e0 rede de coleta e reciclagem.","indexacao":"","observacao":"","resultado":"","texto_original":"http://sapljovem.rionegro.pr.leg.br/media/sapl/public/materialegislativa/2025/12/requerimento__jovem_parlamentar_._vitor_1.pdf","data_ultima_atualizacao":"2025-09-02T17:34:39.240610-03:00","ip":"45.187.140.14","ultima_edicao":"2025-09-02T17:34:39.239225-03:00","tipo":2,"regime_tramitacao":1,"tipo_origem_externa":null,"local_origem_externa":null,"user":2,"anexadas":[],"autores":[11]}