{"id":15,"__str__":"Indica\u00e7\u00e3o n\u00ba 13 de 2025","link_detail_backend":"/materia/15","metadata":{},"numero":13,"ano":2025,"numero_protocolo":14,"data_apresentacao":"2025-09-02","tipo_apresentacao":"E","data_publicacao":null,"numero_origem_externa":"","ano_origem_externa":null,"data_origem_externa":null,"apelido":"","dias_prazo":null,"data_fim_prazo":null,"em_tramitacao":false,"polemica":false,"objeto":"","complementar":false,"ementa":"Solicita ao Executivo Municipal estudos de viabilidade para a cria\u00e7\u00e3o de um projeto de apresenta\u00e7\u00f5es teatrais nas escolas da rede p\u00fablica municipal, com enfoque em temas sociais e de cidadania.","indexacao":"","observacao":"A linguagem teatral \u00e9 uma poderosa ferramenta de sensibiliza\u00e7\u00e3o, educa\u00e7\u00e3o e transforma\u00e7\u00e3o social. As artes c\u00eanicas t\u00eam a capacidade de atingir os alunos de forma l\u00fadica, criativa e reflexiva, facilitando o entendimento de quest\u00f5es complexas e incentivando a empatia, o pensamento cr\u00edtico e o di\u00e1logo.\r\nA realiza\u00e7\u00e3o de pe\u00e7as teatrais nas escolas, especialmente com foco em campanhas como o Setembro Amarelo, pode colaborar significativamente para a promo\u00e7\u00e3o da sa\u00fade mental dos jovens, al\u00e9m de fortalecer valores humanos e de cidadania no ambiente escolar.\r\nO projeto tamb\u00e9m pode envolver a participa\u00e7\u00e3o dos pr\u00f3prios alunos, professores e artistas locais, promovendo integra\u00e7\u00e3o cultural e valoriza\u00e7\u00e3o dos talentos da comunidade.\r\nDessa forma, solicito ao Executivo que estude a viabilidade da proposta e, se poss\u00edvel, implemente o projeto nas unidades escolares do munic\u00edpio.\r\nTr\u00e2mite no Processo: N\u00b0 28168/2025 C\u00f3d. Verificador: J038UY4W","resultado":"","texto_original":"http://sapljovem.rionegro.pr.leg.br/media/sapl/public/materialegislativa/2025/15/ind._13.pdf","data_ultima_atualizacao":"2025-12-11T11:03:00.757826-03:00","ip":"45.187.140.14","ultima_edicao":"2025-12-11T11:03:00.589305-03:00","tipo":1,"regime_tramitacao":1,"tipo_origem_externa":null,"local_origem_externa":null,"user":2,"anexadas":[],"autores":[5]}