{"id":4,"__str__":"Indica\u00e7\u00e3o n\u00ba 3 de 2025","link_detail_backend":"/materia/4","metadata":{},"numero":3,"ano":2025,"numero_protocolo":null,"data_apresentacao":"2025-08-01","tipo_apresentacao":"E","data_publicacao":null,"numero_origem_externa":"","ano_origem_externa":null,"data_origem_externa":null,"apelido":"","dias_prazo":null,"data_fim_prazo":null,"em_tramitacao":false,"polemica":false,"objeto":"","complementar":false,"ementa":"Solicita ao Executivo Municipal, por meio da Secretaria competente, que seja feito o asfaltamento da Rua Fausto Pereira, Bairro Volta Grande.","indexacao":"","observacao":"A presente proposi\u00e7\u00e3o decorre de leg\u00edtimas e urgentes reivindica\u00e7\u00f5es dos moradores da Rua Fausto Pereira, no Bairro Volta Grande, que h\u00e1 anos convivem com a aus\u00eancia de pavimenta\u00e7\u00e3o e as constantes dificuldades de acesso e locomo\u00e7\u00e3o.\r\nO pedido parte de uma realidade vivida pela pr\u00f3pria autora desta indica\u00e7\u00e3o: como Jovem Parlamentar e cadeirante, conhe\u00e7o de forma direta e concreta os obst\u00e1culos enfrentados por pessoas com defici\u00eancia em vias n\u00e3o pavimentadas, especialmente quando estas acumulam buracos, pedras soltas e lama em per\u00edodos de chuva. A rua, atualmente em estado prec\u00e1rio, n\u00e3o oferece condi\u00e7\u00f5es adequadas de tr\u00e2nsito seguro e acess\u00edvel nem para pedestres, nem para ve\u00edculos \u2014 e muito menos para quem necessita de cadeira de rodas ou outros meios de apoio \u00e0 mobilidade.\r\nEssa situa\u00e7\u00e3o compromete o direito de ir e vir, afasta as pessoas do conv\u00edvio comunit\u00e1rio e dificulta o acesso a servi\u00e7os essenciais como transporte escolar, unidades de sa\u00fade e espa\u00e7os coletivos.A pavimenta\u00e7\u00e3o da Rua Fausto Pereira n\u00e3o \u00e9 apenas uma obra de infraestrutura, mas um ato de respeito \u00e0 cidadania, \u00e0 inclus\u00e3o social e \u00e0 dignidade humana, sobretudo para pessoas com defici\u00eancia e mobilidade reduzida. Investir em acessibilidade \u00e9 garantir igualdade de oportunidades e promover uma cidade mais justa para todos.\r\nPor isso, solicito ao Poder Executivo que avalie com sensibilidade e urg\u00eancia a viabilidade do asfaltamento dessa via, atendendo n\u00e3o apenas a uma necessidade estrutural do bairro, mas tamb\u00e9m a um clamor por mais dignidade e acessibilidade no cotidiano das pessoas.\r\nTr\u00e2mite no Processo: N\u00b0 28135/2025 C\u00f3d. Verificador: 7J85Q36Q","resultado":"","texto_original":"http://sapljovem.rionegro.pr.leg.br/media/sapl/public/materialegislativa/2025/4/indicacao_03_parlamento_jovem_1.pdf","data_ultima_atualizacao":"2025-12-11T10:08:20.613830-03:00","ip":"45.187.140.14","ultima_edicao":"2025-12-11T10:08:20.416981-03:00","tipo":1,"regime_tramitacao":1,"tipo_origem_externa":null,"local_origem_externa":null,"user":2,"anexadas":[],"autores":[8]}