{"headers": {"id": "ID", "periodo": "Per\u00edodo", "titulo": "Mat\u00e9ria", "autor": "Autor", "ementa": "Ementa", "situacao": "Situa\u00e7\u00e3o"}, "results": [{"id": 27, "periodo": "ordem dia", "titulo": "Projeto de Lei Ordin\u00e1ria n\u00ba 1 de 2025", "autor": "Eduardo Kennedy,Gabriel Pereira Schewingert,Jo\u00e3o Paulo Elias,Luana Teixeira da Cruz,Manuella de Lima,Nicolas Pereira Stoeberl,Nicole Caroline dos Santos Barboza,Pietro Ant\u00f4nio,Saulo Lemes,Tiffany  Kaszpczak,Vitor Cordeiro", "ementa": "Institui, no \u00e2mbito do Munic\u00edpio de Rio Negro, a \u201cSemana do Livro e da Leitura e d\u00e1 outras provid\u00eancias.", "situacao": "Proposi\u00e7\u00e3o inclusa na Ordem do Dia"}]}